{"id":45159,"date":"2025-08-04T20:54:05","date_gmt":"2025-08-04T20:54:05","guid":{"rendered":"https:\/\/adamgardenstt.com\/?p=45159"},"modified":"2025-09-29T16:59:00","modified_gmt":"2025-09-29T16:59:00","slug":"collar-plata-dorada-38-5cm-co00490do-sol-inca-13","status":"publish","type":"post","link":"https:\/\/adamgardenstt.com\/index.php\/2025\/08\/04\/collar-plata-dorada-38-5cm-co00490do-sol-inca-13\/","title":{"rendered":"Collar Plata Dorada 38+5cm CO00490DO Sol Inca Collares Plata 925"},"content":{"rendered":"<p>Tambi\u00e9n puedes tener todo el conjunto si quieres, los aros quedan preciosos y muy originales. Chul\u00edsima gargantilla con un dise\u00f1o que nos recuerda a los antiguos dibujos Aztecas. Las opiniones de los clientes, incluidas las valoraciones del producto, ayudan a otros clientes a obtener m\u00e1s informaci\u00f3n sobre el producto y a decidir si es el adecuado para ellos.<\/p>\n<h2>Collar Plata Dorada 38+5cm CO00490DO Sol Inca<\/h2>\n<p>La Rellotgeria i Joieria Fuster abri\u00f3 en 1951, el d\u00eda del Dijous Bo. El negocio fue regentado durante muchos a\u00f1os por los hermanos Fuster Mateu. Unos a\u00f1os m\u00e1s tarde, compraron otro local y separaron los negocios de relojer\u00eda y perfumer\u00eda.Cuando murieron los dos hermanos, el negocio pas\u00f3 a manos de Catalina, esposa de Rafel Fuster, y su hija Joana Maria Fuster, actual propietaria. Joana Maria recuerda muy bien como con solo 17 a\u00f1os se incorpor\u00f3 al negocio familiar.En la tienda, adem\u00e1s de una gran variedad de relojes, ofrecen productos diversos de joyer\u00eda como collares o pulseras. Tambi\u00e9n tienen un servicio de reparaci\u00f3n de relojes.Hoy en d\u00eda, todav\u00eda conservan algunas estanter\u00edas, vitrinas y mobiliario de siempre, incluso tienen una cajonera llena de gafas de aquella \u00e9poca. A partir de Enero de 2018 Patricia Simonet se hace cargo de la sede central y el grueso del negocio en lo que a trofeos, placas y grabados se refiere.<\/p>\n<h3>Argollas Viceroy Plata Chapada con Circonitas<\/h3>\n<p>Todos nuestros productos son fabricados en plata 1\u00aa ley ( 925 ) y vienen con su certificado de garant\u00eday calidad (Ver) correspondiente. Desde entonces a lo largo de los a\u00f1os&nbsp;hemos trabajado en el \u00fanico objetivo, satisfacer las exigencias de nuestros clientes, ofreciendo un producto nacional, asequible y de alta calidad. Todo enfocado para dar un mayor servicio y calidad a nuestros clientes y poder seguir contando con su confianza durante los pr\u00f3ximos a\u00f1os.<\/p>\n<h3>Opiniones de nuestros clientes<\/h3>\n<p>Por supuesto continuaremos ofreciendo las \u00faltimas novedades y tendencias en relojer\u00eda, joyer\u00eda y decoraci\u00f3n. Solo los usuarios registrados que hayan comprado este producto pueden hacer una valoraci\u00f3n. Mian lleva siendo la empresa de referencia en Mallorca y en Baleares los \u00faltimos 35 a\u00f1os en lo que a trofeos, grabaciones y personalizaci\u00f3n de todo tipo de placas y productos derivados de la joyer\u00eda se refiere. Joyer\u00edas Mian\u00ae ha sido durante los \u00faltimos 30 a\u00f1os un negocio orientado a la joyer\u00eda &#8211; relojer\u00eda siendo pioneros en la fabricaci\u00f3n y personalizaci\u00f3n de trofeos, placas y grabados en Mallorca. Con taller propio y servicio de reparaci\u00f3n, estos profesionales le ofrecen una colecci\u00f3n de relojes y joyas enfocadas a cada personalidad y estilo, elegantes art\u00edculos de decoraci\u00f3n o preciosos relojes de carrill\u00f3n y Morez. Joyer\u00eda Juana es una empresa familiar con m\u00e1s de 40 a\u00f1os de experiencia dentro del sector de la joyer\u00eda y relojer\u00eda, caracterizados por su trato personal y cercano que le ayudar\u00e1 a encontrar esa pieza tan especial.<\/p>\n<p>Esta web utiliza Google Analytics para recopilar informaci\u00f3n an\u00f3nima tal como el n\u00famero de visitantes del sitio, o las p\u00e1ginas m\u00e1s populares. Argollas fabricadas en Plata con un dise\u00f1o muy chulo y que quedan muy pegadas a la oreja pues llevan cierres de tornillos de presi\u00f3n. Miguel Simonet y Antonia Llorens fundan MIAN\u00ae, marca registrada, y quedan comprometidos con la calidad y atenci\u00f3n dando sus iniciales a la marca MI \u2013 Miguel, AN \u2013 Antonia.<\/p>\n<ul>\n<li>Las opiniones de los clientes, incluidas las valoraciones del producto, ayudan a otros clientes a obtener m\u00e1s informaci\u00f3n sobre el producto y a decidir si es el adecuado para ellos.<\/li>\n<li>Si te gustan los pendientes con estilo, este es sin duda uno de ellos.<\/li>\n<li>Todo enfocado para dar un mayor servicio y calidad a nuestros clientes y poder seguir contando con su confianza durante los pr\u00f3ximos a\u00f1os.<\/li>\n<li>En nuestro objetivo de mejora constante hemos adquirido maquinaria de \u00faltima generaci\u00f3n para seguir ofreciendo los servicios que s\u00f3lo nosotros podemos dar.<\/li>\n<li>Tambi\u00e9n tienen un servicio de reparaci\u00f3n de relojes.Hoy en d\u00eda, todav\u00eda conservan algunas estanter\u00edas, vitrinas y mobiliario de siempre, incluso tienen una cajonera llena de gafas de aquella \u00e9poca.<\/li>\n<li>Solo los usuarios registrados que hayan comprado este producto pueden hacer una valoraci\u00f3n.<\/li>\n<\/ul>\n<h2>Argollas de Plata Inca<\/h2>\n<p>Rincones con magia propia, muestras de cultura y tradiciones. Lugares \u00fanicos y especiales que har\u00e1n que tu visita sea una experiencia \u00fanica. Estimado visitande, esta web esta destinada unicamente para la de venta al publico. Y siguiendo los comentarios de nuestros clientes, que siempre nos han llamado la casa del trofeo, hemos decidido continuar en nuestra evoluci\u00f3n creando la marca que a partir de hoy va a ser nuestra se\u00f1a de identidad.<\/p>\n<p><img decoding=\"async\" class=\"aligncenter\" style=\"display: block;margin-left:auto;margin-right:auto;\" width=\"607px\" alt=\"joyeria inca\" src=\"C:\\Users\\\u0412\u043e\u043b\u043e\u0434\u0438\u043c\u0438\u0440\\AppData\\Roaming\\scm-next-plus\\content_cache\\68ade9fe5331e6ea4803724b\\cache\\joyeria inca\\images\\joyeria_inca_(6).jpg\"\/><\/p>\n<h2>Informaci\u00f3n general<\/h2>\n<p>Depu\u00e9s de una vida dedicada al trabajo, esfuerzo y entrega Miguel y Antonia dejan la continuidad del negocio en manos de sus hijas. Gracias al gran trabajo, dedicaci\u00f3n y entrega aportados por sus empleados la idea de MIAN\u00ae sigui\u00f3 creciendo con 3 joyer\u00edas en Palma de Mallorca, 2 en Pont d\u2019Inca, 1 en Santa Mar\u00eda del Cam\u00ed y <a href=\"https:\/\/joyeriaoroinca.com\/\">joyeria inca<\/a> otra en Alar\u00f3. Demostr\u00f3 ser un adelantado a su tiempo al iniciar esta nueva etapa con los l\u00e1sers m\u00e1s modernos del momento. A d\u00eda de hoy la inmediatez en las grabaciones sigue siendo uno de los \u00e9xitos y se\u00f1as de identidad de la empresa. En \u00e9l qued\u00f3 plasmada la visi\u00f3n de Miguel para ser el pionero en Mallorca en inaugurar la primera f\u00e1brica de trofeos de la isla y la que a d\u00eda de hoy es una de las mayores exposiciones de los mismos en Europa. Argollas de Plata con un dise\u00f1o muy chulo y peculiar.<\/p>\n<h3>OPINIONES DE CLIENTES<\/h3>\n<p>Si quieres ir a la \u00faltima, no lo dudes, con esta gargantilla triunfar\u00e1s, o si tienes que hacer alg\u00fan regalito, quedar\u00e1 encantada quien la reciba. Una vez realizada la compra dispone de 15 d\u00edas para efectuar su devoluci\u00f3n, siempre y cuando el producto y su envoltorio est\u00e9n en perfectas condiciones. (Pero no te preocupes que nosotros revisamos y desinfectamos todos los art\u00edculos antes de enviarlos). Si quieres todo el conjunto, puedes mirar la gargantilla a juego. En nuestro objetivo de mejora constante hemos adquirido maquinaria de \u00faltima generaci\u00f3n para seguir ofreciendo los servicios que s\u00f3lo nosotros podemos dar. Si te gustan las cosas chulas, esta es una de ellas.<\/p>\n<p>La medida de la cadena es de 45 cm m\u00e1s un alargo de 4.5 cm, para que te la puedas ajustar. Si te gustan los pendientes con estilo, este es sin duda uno de ellos. Aqu\u00ed te mostramos una peque\u00f1a gu\u00eda <a href=\"https:\/\/partamos.cl\/\">https:\/\/partamos.cl\/<\/a> de lugares que tienes que visitar si vienes a Inca.<\/p>\n","protected":false},"excerpt":{"rendered":"<p>Tambi\u00e9n puedes tener todo el conjunto si quieres, los aros quedan preciosos y muy originales. Chul\u00edsima gargantilla con un dise\u00f1o que nos recuerda a los antiguos dibujos Aztecas. Las opiniones de los clientes, incluidas las valoraciones del producto, ayudan a otros clientes a obtener m\u00e1s informaci\u00f3n sobre el producto y a decidir si es el [&hellip;]<\/p>\n","protected":false},"author":2,"featured_media":0,"comment_status":"open","ping_status":"open","sticky":false,"template":"","format":"standard","meta":{"om_disable_all_campaigns":false,"_monsterinsights_skip_tracking":false,"_monsterinsights_sitenote_active":false,"_monsterinsights_sitenote_note":"","_monsterinsights_sitenote_category":0,"footnotes":""},"categories":[718],"tags":[],"class_list":["post-45159","post","type-post","status-publish","format-standard","hentry","category-joyeriaoroinca-com"],"aioseo_notices":[],"_links":{"self":[{"href":"https:\/\/adamgardenstt.com\/index.php\/wp-json\/wp\/v2\/posts\/45159","targetHints":{"allow":["GET"]}}],"collection":[{"href":"https:\/\/adamgardenstt.com\/index.php\/wp-json\/wp\/v2\/posts"}],"about":[{"href":"https:\/\/adamgardenstt.com\/index.php\/wp-json\/wp\/v2\/types\/post"}],"author":[{"embeddable":true,"href":"https:\/\/adamgardenstt.com\/index.php\/wp-json\/wp\/v2\/users\/2"}],"replies":[{"embeddable":true,"href":"https:\/\/adamgardenstt.com\/index.php\/wp-json\/wp\/v2\/comments?post=45159"}],"version-history":[{"count":1,"href":"https:\/\/adamgardenstt.com\/index.php\/wp-json\/wp\/v2\/posts\/45159\/revisions"}],"predecessor-version":[{"id":45160,"href":"https:\/\/adamgardenstt.com\/index.php\/wp-json\/wp\/v2\/posts\/45159\/revisions\/45160"}],"wp:attachment":[{"href":"https:\/\/adamgardenstt.com\/index.php\/wp-json\/wp\/v2\/media?parent=45159"}],"wp:term":[{"taxonomy":"category","embeddable":true,"href":"https:\/\/adamgardenstt.com\/index.php\/wp-json\/wp\/v2\/categories?post=45159"},{"taxonomy":"post_tag","embeddable":true,"href":"https:\/\/adamgardenstt.com\/index.php\/wp-json\/wp\/v2\/tags?post=45159"}],"curies":[{"name":"wp","href":"https:\/\/api.w.org\/{rel}","templated":true}]}}